{"id":1753,"date":"2018-11-21T20:41:26","date_gmt":"2018-11-21T19:41:26","guid":{"rendered":"http:\/\/www.mc-praha.cz\/mcp\/?p=1753"},"modified":"2023-12-08T13:20:59","modified_gmt":"2023-12-08T12:20:59","slug":"projekty-avecell","status":"publish","type":"post","link":"https:\/\/www.mc-praha.cz\/mcp\/projekty-avecell\/","title":{"rendered":"Avecell"},"content":{"rendered":"<p>&nbsp;<\/p>\n<p><strong>AVECELL\u00ae je projekt zam\u011b\u0159en\u00fd na l\u00e9\u010dbu zv\u00ed\u0159at pomoc\u00ed kmenov\u00fdch bun\u011bk. Zam\u011b\u0159ujeme se zejm\u00e9na na poran\u011bn\u00ed pohybov\u00e9ho apar\u00e1tu kon\u00ed a ps\u016f. Unik\u00e1tn\u00ed vlastnosti kmenov\u00fdch bun\u011bk d\u00e1le vyu\u017e\u00edv\u00e1me p\u0159i l\u00e9\u010db\u011b alergi\u00ed a autoimunitn\u00edch onemocn\u011bn\u00ed kon\u00ed, ps\u016f i ko\u010dek.<\/strong><\/p>\n<p>Tzv. mezenchym\u00e1ln\u00ed kmenov\u00e9 bu\u0148ky maj\u00ed ve veterin\u00e1rn\u00ed medic\u00edn\u011b mimo\u0159\u00e1dn\u00fd v\u00fdznam hlavn\u011b pro sv\u00e9 \u0161irok\u00e9 vyu\u017eit\u00ed p\u0159i regeneraci a imunomodulaci. Jedn\u00e1 se o multipotentn\u00ed kmenov\u00e9 bu\u0148ky, kter\u00e9 jsou schopny sebeobnovy a nach\u00e1zej\u00ed se hlavn\u011b v kostn\u00ed d\u0159eni.<\/p>\n<p>Za p\u0159irozen\u00fdch (fyziologick\u00fdch) podm\u00ednek jsou z\u00e1rodky t\u011bchto bun\u011bk vyplavov\u00e1ny z kostn\u00ed d\u0159en\u011b. Krevn\u00edm ob\u011bhem putuj\u00ed do tk\u00e1n\u011b, kter\u00e1 byla naru\u0161ena a vy\u017eaduje regenerativn\u00ed z\u00e1sah. V m\u00edst\u011b poran\u011bn\u00ed koordinuj\u00ed nejen reparaci (opravu), ale i obrannou imunitn\u00ed reakci.<\/p>\n<p>Z\u00e1rodky mezenchym\u00e1ln\u00edch kmenov\u00fdch bun\u011bk je mo\u017en\u00e9 terapeuticky odebrat z kostn\u00ed d\u0159en\u011b, tukov\u00e9 tk\u00e1n\u011b nebo perifern\u00ed krve a v laborato\u0159i dle pot\u0159eby namno\u017eit. Takto p\u0159ipraven\u00e9 bu\u0148ky se aplikuj\u00ed do m\u00edsta po\u0161kozen\u00ed, kter\u00e9 n\u00e1sledn\u011b zregeneruje.<\/p>\n<p>Mezenchym\u00e1ln\u00ed kmenov\u00e9 bu\u0148ky vylu\u010duj\u00ed velk\u00e9 mno\u017estv\u00ed bioaktivn\u00edch molekul s imunomodula\u010dn\u00ed aktivitou. Ta chr\u00e1n\u00ed m\u00edsto poran\u011bn\u00ed od p\u0159ehnan\u00e9 imunitn\u00ed reakce t\u00edm, \u017ee koriguje aktivitu bun\u011bk imunitn\u00edho syst\u00e9mu.<\/p>\n<p>Univerz\u00e1ln\u00edch imunomodula\u010dn\u00edch vlastnost\u00ed mezenchym\u00e1ln\u00edch kmenov\u00fdch bun\u011bk lze s \u00fasp\u011bchem vyu\u017e\u00edt p\u0159i l\u00e9\u010db\u011b patologick\u00fdch imunitn\u00edch reakc\u00ed, jak\u00fdmi jsou alergie nebo autoimunita.<\/p>\n<p><strong>V\u00edce informac\u00ed naleznete na webov\u00fdch str\u00e1nk\u00e1ch <\/strong><a href=\"https:\/\/avecell.cz\/\"><strong>www.avecell.cz<\/strong><\/a><\/p>\n<p><strong>Dotazy, podn\u011bty, nab\u00edz\u00edme spolupr\u00e1ci nad\u0161en\u00fdm veterin\u00e1rn\u00edm l\u00e9ka\u0159\u016fm i badatel\u016fm.<\/strong><br \/>\n<strong>Napi\u0161te n\u00e1m:<\/strong> <strong><a href=\"mailto:klubal@mc-praha.cz\">info@avecell.cz<\/a><\/strong><\/p>\n","protected":false},"excerpt":{"rendered":"<p>&nbsp; AVECELL\u00ae je projekt zam\u011b\u0159en\u00fd na l\u00e9\u010dbu zv\u00ed\u0159at pomoc\u00ed kmenov\u00fdch bun\u011bk. Zam\u011b\u0159ujeme se zejm\u00e9na na [&hellip;]<\/p>\n","protected":false},"author":7,"featured_media":0,"comment_status":"closed","ping_status":"closed","sticky":false,"template":"","format":"link","meta":{"_uag_custom_page_level_css":""},"categories":[9],"tags":[],"uagb_featured_image_src":{"full":false,"thumbnail":false,"medium":false,"medium_large":false,"large":false,"1536x1536":false,"2048x2048":false,"boldthemes_grid":false,"boldthemes_grid_11":false,"boldthemes_grid_22":false,"boldthemes_grid_21":false,"boldthemes_grid_12":false,"boldthemes_latest_posts":false,"boldthemes_grid_gallery":false},"uagb_author_info":{"display_name":"Jbednar","author_link":"https:\/\/www.mc-praha.cz\/mcp\/author\/jbednar\/"},"uagb_comment_info":0,"uagb_excerpt":"&nbsp; AVECELL\u00ae je projekt zam\u011b\u0159en\u00fd na l\u00e9\u010dbu zv\u00ed\u0159at pomoc\u00ed kmenov\u00fdch bun\u011bk. Zam\u011b\u0159ujeme se zejm\u00e9na na [&hellip;]","post_mailing_queue_ids":[],"_links":{"self":[{"href":"https:\/\/www.mc-praha.cz\/mcp\/wp-json\/wp\/v2\/posts\/1753"}],"collection":[{"href":"https:\/\/www.mc-praha.cz\/mcp\/wp-json\/wp\/v2\/posts"}],"about":[{"href":"https:\/\/www.mc-praha.cz\/mcp\/wp-json\/wp\/v2\/types\/post"}],"author":[{"embeddable":true,"href":"https:\/\/www.mc-praha.cz\/mcp\/wp-json\/wp\/v2\/users\/7"}],"replies":[{"embeddable":true,"href":"https:\/\/www.mc-praha.cz\/mcp\/wp-json\/wp\/v2\/comments?post=1753"}],"version-history":[{"count":8,"href":"https:\/\/www.mc-praha.cz\/mcp\/wp-json\/wp\/v2\/posts\/1753\/revisions"}],"predecessor-version":[{"id":3464,"href":"https:\/\/www.mc-praha.cz\/mcp\/wp-json\/wp\/v2\/posts\/1753\/revisions\/3464"}],"wp:attachment":[{"href":"https:\/\/www.mc-praha.cz\/mcp\/wp-json\/wp\/v2\/media?parent=1753"}],"wp:term":[{"taxonomy":"category","embeddable":true,"href":"https:\/\/www.mc-praha.cz\/mcp\/wp-json\/wp\/v2\/categories?post=1753"},{"taxonomy":"post_tag","embeddable":true,"href":"https:\/\/www.mc-praha.cz\/mcp\/wp-json\/wp\/v2\/tags?post=1753"}],"curies":[{"name":"wp","href":"https:\/\/api.w.org\/{rel}","templated":true}]}}