{"id":1776,"date":"2018-11-21T20:52:47","date_gmt":"2018-11-21T19:52:47","guid":{"rendered":"http:\/\/www.mc-praha.cz\/mcp\/?p=1776"},"modified":"2024-02-05T12:35:16","modified_gmt":"2024-02-05T11:35:16","slug":"projekty-hairmedicine","status":"publish","type":"post","link":"https:\/\/www.mc-praha.cz\/mcp\/projekty-hairmedicine\/","title":{"rendered":"Hairmedicine"},"content":{"rendered":"<p>&nbsp;<\/p>\n<p><strong>V\u011bt\u0161ina pacient\u016f vn\u00edm\u00e1 nemoci vlas\u016f a neht\u016f p\u0159ev\u00e1\u017en\u011b jako kosmetick\u00fd probl\u00e9m<\/strong> a \u0159e\u0161en\u00ed hledaj\u00ed v\u00a0r\u016fzn\u00fdch kosmetick\u00fdch p\u0159\u00edpravc\u00edch \u010di dopl\u0148c\u00edch stravy.<\/p>\n<p><strong>Stav na\u0161ich vlas\u016f a neht\u016f v\u0161ak odr\u00e1\u017e\u00ed celkov\u00fd zdravotn\u00ed stav <\/strong>a jejich zhor\u0161en\u00e1 kvalita tak m\u016f\u017ee upozornit na z\u00e1va\u017en\u011bj\u0161\u00ed onemocn\u011bn\u00ed.<strong> Z\u00a0toho d\u016fvodu je kl\u00ed\u010dov\u00fd komplexn\u00ed p\u0159\u00edstup k\u00a0onemocn\u011bn\u00ed a pe\u010dliv\u00e1 diagnostika.<\/strong><\/p>\n<p><strong>P\u0159\u00ed\u010dinou nemoc\u00ed vlas\u016f <\/strong>a neht\u016f m\u016f\u017ee b\u00fdt nedostatek vitam\u00edn\u016f a stopov\u00fdch prvk\u016f ale i z\u00e1va\u017en\u011bj\u0161\u00ed onemocn\u011bn\u00ed jako jsou<strong> hormon\u00e1ln\u00ed poruchy \u010di autoimunitn\u00ed onemocn\u011bn\u00ed.<\/strong><\/p>\n<p><strong>L\u00e9\u010dbou prim\u00e1rn\u00ed p\u0159\u00ed\u010diny je mo\u017en\u00e9 trvale zlep\u0161it kvalitu vlas\u016f a neht\u016f <\/strong>bez nutnosti aplikace drah\u00fdch kosmetick\u00fdch p\u0159\u00edpravk\u016f, kter\u00e9 m\u00edvaj\u00ed v\u011bt\u0161inou pouze miziv\u00fd nebo jen do\u010dasn\u00fd \u00fa\u010dinek.<strong>\u00a0<\/strong><\/p>\n<p><strong>Podrobn\u00e1 anal\u00fdza vlas\u016f a neht\u016f m\u016f\u017ee pomoci zp\u0159esnit diagn\u00f3zu na prvn\u00ed pohled nesouvisej\u00edc\u00edho onemocn\u011bn\u00ed a zajistit tak v\u010dasn\u00e9 nasazen\u00ed vhodn\u00e9 l\u00e9\u010dby. <\/strong><\/p>\n<p><strong>Dotazy, podn\u011bty, nab\u00edz\u00edme spolupr\u00e1ci nad\u0161en\u00fdm l\u00e9ka\u0159\u016fm i badatel\u016fm.<\/strong><br \/>\n<strong>Napi\u0161te n\u00e1m:<\/strong> <strong><a href=\"mailto:info@mc-praha.cz\">info@mc-praha.cz<\/a><\/strong><\/p>\n<p>&nbsp;<\/p>\n","protected":false},"excerpt":{"rendered":"<p>&nbsp; V\u011bt\u0161ina pacient\u016f vn\u00edm\u00e1 nemoci vlas\u016f a neht\u016f p\u0159ev\u00e1\u017en\u011b jako kosmetick\u00fd probl\u00e9m a \u0159e\u0161en\u00ed hledaj\u00ed [&hellip;]<\/p>\n","protected":false},"author":7,"featured_media":0,"comment_status":"closed","ping_status":"closed","sticky":false,"template":"","format":"link","meta":{"_uag_custom_page_level_css":""},"categories":[9],"tags":[],"uagb_featured_image_src":{"full":false,"thumbnail":false,"medium":false,"medium_large":false,"large":false,"1536x1536":false,"2048x2048":false,"boldthemes_grid":false,"boldthemes_grid_11":false,"boldthemes_grid_22":false,"boldthemes_grid_21":false,"boldthemes_grid_12":false,"boldthemes_latest_posts":false,"boldthemes_grid_gallery":false},"uagb_author_info":{"display_name":"Jbednar","author_link":"https:\/\/www.mc-praha.cz\/mcp\/author\/jbednar\/"},"uagb_comment_info":0,"uagb_excerpt":"&nbsp; V\u011bt\u0161ina pacient\u016f vn\u00edm\u00e1 nemoci vlas\u016f a neht\u016f p\u0159ev\u00e1\u017en\u011b jako kosmetick\u00fd probl\u00e9m a \u0159e\u0161en\u00ed hledaj\u00ed [&hellip;]","post_mailing_queue_ids":[],"_links":{"self":[{"href":"https:\/\/www.mc-praha.cz\/mcp\/wp-json\/wp\/v2\/posts\/1776"}],"collection":[{"href":"https:\/\/www.mc-praha.cz\/mcp\/wp-json\/wp\/v2\/posts"}],"about":[{"href":"https:\/\/www.mc-praha.cz\/mcp\/wp-json\/wp\/v2\/types\/post"}],"author":[{"embeddable":true,"href":"https:\/\/www.mc-praha.cz\/mcp\/wp-json\/wp\/v2\/users\/7"}],"replies":[{"embeddable":true,"href":"https:\/\/www.mc-praha.cz\/mcp\/wp-json\/wp\/v2\/comments?post=1776"}],"version-history":[{"count":10,"href":"https:\/\/www.mc-praha.cz\/mcp\/wp-json\/wp\/v2\/posts\/1776\/revisions"}],"predecessor-version":[{"id":3478,"href":"https:\/\/www.mc-praha.cz\/mcp\/wp-json\/wp\/v2\/posts\/1776\/revisions\/3478"}],"wp:attachment":[{"href":"https:\/\/www.mc-praha.cz\/mcp\/wp-json\/wp\/v2\/media?parent=1776"}],"wp:term":[{"taxonomy":"category","embeddable":true,"href":"https:\/\/www.mc-praha.cz\/mcp\/wp-json\/wp\/v2\/categories?post=1776"},{"taxonomy":"post_tag","embeddable":true,"href":"https:\/\/www.mc-praha.cz\/mcp\/wp-json\/wp\/v2\/tags?post=1776"}],"curies":[{"name":"wp","href":"https:\/\/api.w.org\/{rel}","templated":true}]}}