{"id":2018,"date":"2018-11-28T14:53:02","date_gmt":"2018-11-28T13:53:02","guid":{"rendered":"http:\/\/www.mc-praha.cz\/mcp\/?p=2018"},"modified":"2024-02-05T10:15:07","modified_gmt":"2024-02-05T09:15:07","slug":"bechterevova_choroba","status":"publish","type":"post","link":"https:\/\/www.mc-praha.cz\/mcp\/bechterevova_choroba\/","title":{"rendered":"Becht\u011brevova choroba"},"content":{"rendered":"<p>&nbsp;<\/p>\n<p style=\"background: white; vertical-align: baseline; margin: 0cm 0cm 7.5pt 0cm;\"><strong>Becht\u011brevova nemoc (ankylozuj\u00edc\u00ed spondylitida) je chronick\u00e9 z\u00e1n\u011btliv\u00e9 onemocn\u011bn\u00ed projevuj\u00edc\u00ed se bolestmi a ztuhlost\u00ed zad a kloub\u016f. V\u00fdskyt v evropsk\u00e9 populaci je pom\u011brn\u011b \u010dast\u00fd a pohybuje se kolem 2\u20138 %. <\/strong><\/p>\n<p style=\"background: white; vertical-align: baseline; margin: 0cm 0cm 7.5pt 0cm;\">Klinick\u00e9 projevy p\u0159i propuknut\u00ed t\u00e9to nemoci jsou obdobn\u00e9 jako u ch\u0159ipky: teplota, \u00fanava a bolesti cel\u00e9ho pohybov\u00e9ho apar\u00e1tu. Z\u00e1n\u011bt se spolu s bolest\u00ed m\u016f\u017ee \u0161\u00ed\u0159it po cel\u00e9m t\u011ble a postihovat velk\u00e9 klouby (kolena, ky\u010dle) i mal\u00e9 perifern\u00ed klouby (klouby prst\u016f) a typicky p\u00e1te\u0159. Tuhnut\u00ed p\u00e1te\u0159e je nej\u010dast\u011bj\u0161\u00edm p\u0159\u00edznakem, kter\u00fd postupn\u011b vede k jej\u00edmu ohnut\u00ed, a posti\u017een\u00ed lid\u00e9 pak chod\u00ed shrbeni.<\/p>\n<p style=\"background: white; vertical-align: baseline; margin: 0cm 0cm 7.5pt 0cm;\">Mechanismy vzniku a trv\u00e1n\u00ed tohoto onemocn\u011bn\u00ed dosud nebyly zcela objasn\u011bny, nicm\u00e9n\u011b se soud\u00ed, \u017ee m\u00e1 charakter autoimunitn\u00ed choroby a \u017ee jde tedy o patologickou reakci imunitn\u00edho syst\u00e9mu proti vlastn\u00edm bu\u0148k\u00e1m, do kter\u00e9 se zapojuj\u00ed p\u0159\u00edtomn\u00e9 konfigurace hlavn\u00edho histokompatibiln\u00edho syst\u00e9mu HLA-B27 (Human Leukocyte Antigen B27). K propuknut\u00ed choroby zpravidla dojde v souvislosti s infek\u010dn\u00edm onemocn\u011bn\u00edm, kter\u00e9 spou\u0161t\u00ed patologickou imunitn\u00ed reakci proti bu\u0148k\u00e1m vlastn\u00edho t\u011bla.<\/p>\n<p style=\"background: white; vertical-align: baseline; margin: 0cm 0cm 7.5pt 0cm;\">Test doporu\u010dujeme prov\u00e9st p\u0159edev\u0161\u00edm v p\u0159\u00edpad\u011b, \u017ee se mezi p\u0159\u00edbuzn\u00fdmi nach\u00e1z\u00ed pacient s touto nemoc\u00ed nebo nositel t\u00e9to alely. Vy\u0161et\u0159en\u00ed se t\u00e9\u017e doporu\u010duje p\u0159i chronick\u00fdch bolestech p\u00e1te\u0159e nebo pohybov\u00e9ho apar\u00e1tu \u010di p\u0159i \u010dast\u00fdch, av\u0161ak nespecifikovan\u00fdch projevech z\u00e1n\u011btu.<\/p>\n<p>&nbsp;<\/p>\n<p>Dal\u0161\u00ed podrobnosti naleznete na webov\u00fdch str\u00e1nk\u00e1ch <a href=\"http:\/\/www.qgen.cz\">www.qgen.cz<\/a><\/p>\n<p>Term\u00edn l\u00e9ka\u0159sk\u00e9ho vy\u0161et\u0159en\u00ed si m\u016f\u017eete rezervovat <a href=\"http:\/\/extranet.mc-praha.cz\/\">zde.<\/a><\/p>\n<p>Laboratorn\u00ed vy\u0161et\u0159en\u00ed si m\u016f\u017eete objednat<a href=\"https:\/\/extranet.mc-praha.cz\/#\/laboratory\"> zde<\/a>.<\/p>\n","protected":false},"excerpt":{"rendered":"<p>&nbsp; Becht\u011brevova nemoc (ankylozuj\u00edc\u00ed spondylitida) je chronick\u00e9 z\u00e1n\u011btliv\u00e9 onemocn\u011bn\u00ed projevuj\u00edc\u00ed se bolestmi a ztuhlost\u00ed zad [&hellip;]<\/p>\n","protected":false},"author":7,"featured_media":0,"comment_status":"closed","ping_status":"closed","sticky":false,"template":"","format":"link","meta":{"_uag_custom_page_level_css":""},"categories":[9],"tags":[],"uagb_featured_image_src":{"full":false,"thumbnail":false,"medium":false,"medium_large":false,"large":false,"1536x1536":false,"2048x2048":false,"boldthemes_grid":false,"boldthemes_grid_11":false,"boldthemes_grid_22":false,"boldthemes_grid_21":false,"boldthemes_grid_12":false,"boldthemes_latest_posts":false,"boldthemes_grid_gallery":false},"uagb_author_info":{"display_name":"Jbednar","author_link":"https:\/\/www.mc-praha.cz\/mcp\/author\/jbednar\/"},"uagb_comment_info":0,"uagb_excerpt":"&nbsp; Becht\u011brevova nemoc (ankylozuj\u00edc\u00ed spondylitida) je chronick\u00e9 z\u00e1n\u011btliv\u00e9 onemocn\u011bn\u00ed projevuj\u00edc\u00ed se bolestmi a ztuhlost\u00ed zad [&hellip;]","post_mailing_queue_ids":[],"_links":{"self":[{"href":"https:\/\/www.mc-praha.cz\/mcp\/wp-json\/wp\/v2\/posts\/2018"}],"collection":[{"href":"https:\/\/www.mc-praha.cz\/mcp\/wp-json\/wp\/v2\/posts"}],"about":[{"href":"https:\/\/www.mc-praha.cz\/mcp\/wp-json\/wp\/v2\/types\/post"}],"author":[{"embeddable":true,"href":"https:\/\/www.mc-praha.cz\/mcp\/wp-json\/wp\/v2\/users\/7"}],"replies":[{"embeddable":true,"href":"https:\/\/www.mc-praha.cz\/mcp\/wp-json\/wp\/v2\/comments?post=2018"}],"version-history":[{"count":6,"href":"https:\/\/www.mc-praha.cz\/mcp\/wp-json\/wp\/v2\/posts\/2018\/revisions"}],"predecessor-version":[{"id":4544,"href":"https:\/\/www.mc-praha.cz\/mcp\/wp-json\/wp\/v2\/posts\/2018\/revisions\/4544"}],"wp:attachment":[{"href":"https:\/\/www.mc-praha.cz\/mcp\/wp-json\/wp\/v2\/media?parent=2018"}],"wp:term":[{"taxonomy":"category","embeddable":true,"href":"https:\/\/www.mc-praha.cz\/mcp\/wp-json\/wp\/v2\/categories?post=2018"},{"taxonomy":"post_tag","embeddable":true,"href":"https:\/\/www.mc-praha.cz\/mcp\/wp-json\/wp\/v2\/tags?post=2018"}],"curies":[{"name":"wp","href":"https:\/\/api.w.org\/{rel}","templated":true}]}}