{"id":2024,"date":"2018-11-28T14:55:01","date_gmt":"2018-11-28T13:55:01","guid":{"rendered":"http:\/\/www.mc-praha.cz\/mcp\/?p=2024"},"modified":"2024-02-05T11:56:35","modified_gmt":"2024-02-05T10:56:35","slug":"paradentoza","status":"publish","type":"post","link":"https:\/\/www.mc-praha.cz\/mcp\/paradentoza\/","title":{"rendered":"Paradent\u00f3za"},"content":{"rendered":"<p>&nbsp;<\/p>\n<p style=\"background: white; vertical-align: baseline; margin: 0cm 0cm 7.5pt 0cm;\"><strong>Nemoci parodontu (d\u00e1sn\u011b) jsou spojeny s patologickou bakteri\u00e1ln\u00ed mikrofl\u00f3rou, kter\u00e1 vyvol\u00e1 z\u00e1n\u011btlivou reakci m\u011bkk\u00fdch tk\u00e1n\u00ed kolem zubu, tzv. peridontu. <\/strong><\/p>\n<p style=\"background: white; vertical-align: baseline; margin: 0cm 0cm 7.5pt 0cm;\">N\u00e1sledn\u00e1 patologick\u00e1 odezva imunitn\u00edho syst\u00e9mu vede v kombinaci s geneticky predisponovanou abnorm\u00e1ln\u00ed imunitn\u00ed odezvou ke vst\u0159eb\u00e1v\u00e1n\u00ed (\u0159\u00eddnut\u00ed) okoln\u00ed kostn\u00ed tk\u00e1n\u011b. Uvoln\u011bn\u00fd zub je pak n\u00e1chyln\u00fd k vypadnut\u00ed. Proces je rychl\u00fd a vy\u017eaduje v\u010dasn\u00fd z\u00e1sah antibiotiky.<\/p>\n<p style=\"background: white; vertical-align: baseline; margin: 0cm 0cm 7.5pt 0cm;\">Tato problematika je aktu\u00e1ln\u00ed i v souvislosti s implant\u00e1ty. Zasazen\u00ed implant\u00e1tu do patologick\u00e9ho prost\u0159ed\u00ed paradent\u00f3zy vede k nezdaru.<\/p>\n<p style=\"background: white; vertical-align: baseline; margin: 0cm 0cm 7.5pt 0cm;\">Do skupiny patologick\u00fdch bakteri\u00e1ln\u00edch kmen\u016f pat\u0159\u00ed <em>Aggregatibacter actinomycetemcomitans, Porphyromonas gingivalis, Prevotella intermedia, Tannerella forsythia a Treponema denticola<\/em>.<\/p>\n<p style=\"background: white; vertical-align: baseline; margin: 0cm 0cm 7.5pt 0cm;\">Patologick\u00e1 imunitn\u00ed konstituce zahrnuje p\u0159\u00edtomnost alely hlavn\u00edho histokompatibiln\u00edho syst\u00e9mu HLA-DR4 (Human Leukocyte Antigen DR4), konkr\u00e9tn\u011b subtypy DRB1*04. Sou\u010dasn\u011b byla zdokumentov\u00e1na zv\u00fd\u0161en\u00e1 produkce cytokinu z\u00e1n\u011btu interleukin-1 (IL-1), kter\u00fd je kl\u00ed\u010dov\u00fdm regul\u00e1torem odpov\u011bdi hostitele na mikrobi\u00e1ln\u00ed infekci a hlavn\u00edm modul\u00e1torem resorpce kosti. IL-1 p\u0159edstavuj\u00ed dv\u011b molekuly, IL-1alfa a IL-1beta, k\u00f3dovan\u00e9 geny IL-1A a IL-1B. Popsan\u00e9 polymorfismy v obou genech jsou spojen\u00e9 se zv\u00fd\u0161enou produkci IL-1.<\/p>\n<p style=\"background: white; vertical-align: baseline; margin: 0cm 0cm 7.5pt 0cm;\">Test je d\u016fle\u017eit\u00fd nejen ke v\u010dasn\u00e9mu odhalen\u00ed rizikov\u00e9 konstituce, ale i k zaji\u0161t\u011bn\u00ed ter\u00e9nu pro \u00fasp\u011b\u0161n\u00e9 zasazen\u00ed implant\u00e1tu.<\/p>\n<p style=\"background: white; vertical-align: baseline; margin: 0cm 0cm 7.5pt 0cm;\">Vedle antibiotick\u00e9 l\u00e9\u010dby je d\u016fle\u017eit\u00e1 spr\u00e1vn\u00e1 dent\u00e1ln\u00ed hygiena.<\/p>\n<p>&nbsp;<\/p>\n<p>Dal\u0161\u00ed podrobnosti naleznete na webov\u00fdch str\u00e1nk\u00e1ch <a href=\"http:\/\/www.qgen.cz\">www.qgen.cz<\/a><\/p>\n<p>Term\u00edn l\u00e9ka\u0159sk\u00e9ho vy\u0161et\u0159en\u00ed si m\u016f\u017eete rezervovat <a href=\"http:\/\/extranet.mc-praha.cz\/\">zde.<\/a><\/p>\n<p>Laboratorn\u00ed vy\u0161et\u0159en\u00ed si m\u016f\u017eete objednat<a href=\"https:\/\/extranet.mc-praha.cz\/#\/laboratory\"> zde<\/a>.<\/p>\n","protected":false},"excerpt":{"rendered":"<p>&nbsp; Nemoci parodontu (d\u00e1sn\u011b) jsou spojeny s patologickou bakteri\u00e1ln\u00ed mikrofl\u00f3rou, kter\u00e1 vyvol\u00e1 z\u00e1n\u011btlivou reakci m\u011bkk\u00fdch [&hellip;]<\/p>\n","protected":false},"author":7,"featured_media":0,"comment_status":"closed","ping_status":"closed","sticky":false,"template":"","format":"link","meta":{"_uag_custom_page_level_css":""},"categories":[9],"tags":[],"uagb_featured_image_src":{"full":false,"thumbnail":false,"medium":false,"medium_large":false,"large":false,"1536x1536":false,"2048x2048":false,"boldthemes_grid":false,"boldthemes_grid_11":false,"boldthemes_grid_22":false,"boldthemes_grid_21":false,"boldthemes_grid_12":false,"boldthemes_latest_posts":false,"boldthemes_grid_gallery":false},"uagb_author_info":{"display_name":"Jbednar","author_link":"https:\/\/www.mc-praha.cz\/mcp\/author\/jbednar\/"},"uagb_comment_info":0,"uagb_excerpt":"&nbsp; Nemoci parodontu (d\u00e1sn\u011b) jsou spojeny s patologickou bakteri\u00e1ln\u00ed mikrofl\u00f3rou, kter\u00e1 vyvol\u00e1 z\u00e1n\u011btlivou reakci m\u011bkk\u00fdch [&hellip;]","post_mailing_queue_ids":[],"_links":{"self":[{"href":"https:\/\/www.mc-praha.cz\/mcp\/wp-json\/wp\/v2\/posts\/2024"}],"collection":[{"href":"https:\/\/www.mc-praha.cz\/mcp\/wp-json\/wp\/v2\/posts"}],"about":[{"href":"https:\/\/www.mc-praha.cz\/mcp\/wp-json\/wp\/v2\/types\/post"}],"author":[{"embeddable":true,"href":"https:\/\/www.mc-praha.cz\/mcp\/wp-json\/wp\/v2\/users\/7"}],"replies":[{"embeddable":true,"href":"https:\/\/www.mc-praha.cz\/mcp\/wp-json\/wp\/v2\/comments?post=2024"}],"version-history":[{"count":6,"href":"https:\/\/www.mc-praha.cz\/mcp\/wp-json\/wp\/v2\/posts\/2024\/revisions"}],"predecessor-version":[{"id":4547,"href":"https:\/\/www.mc-praha.cz\/mcp\/wp-json\/wp\/v2\/posts\/2024\/revisions\/4547"}],"wp:attachment":[{"href":"https:\/\/www.mc-praha.cz\/mcp\/wp-json\/wp\/v2\/media?parent=2024"}],"wp:term":[{"taxonomy":"category","embeddable":true,"href":"https:\/\/www.mc-praha.cz\/mcp\/wp-json\/wp\/v2\/categories?post=2024"},{"taxonomy":"post_tag","embeddable":true,"href":"https:\/\/www.mc-praha.cz\/mcp\/wp-json\/wp\/v2\/tags?post=2024"}],"curies":[{"name":"wp","href":"https:\/\/api.w.org\/{rel}","templated":true}]}}