{"id":3830,"date":"2021-02-25T15:10:10","date_gmt":"2021-02-25T14:10:10","guid":{"rendered":"https:\/\/www.mc-praha.cz\/mcp\/?p=3830"},"modified":"2021-02-25T15:42:22","modified_gmt":"2021-02-25T14:42:22","slug":"koronavirus-s-nami-zustane-ale-stane-se-nejspise-endemickym","status":"publish","type":"post","link":"https:\/\/www.mc-praha.cz\/mcp\/koronavirus-s-nami-zustane-ale-stane-se-nejspise-endemickym\/","title":{"rendered":"Koronavirus s n\u00e1mi z\u016fstane, ale stane se nejsp\u00ed\u0161e endemick\u00fdm"},"content":{"rendered":"<p><strong>V\u00a0sou\u010dasn\u00e9 dob\u011b jsou uplat\u0148ov\u00e1ny nejr\u016fzn\u011bj\u0161\u00ed strategie v\u00a0boji proti koronaviru SARS-CoV-2, kter\u00fd zp\u016fsobuje onemocn\u011bn\u00ed COVID-19. M\u016f\u017ee v\u0161ak sv\u011bt doufat, \u017ee se koronaviru SARS-CoV-2 zbav\u00ed?<\/strong><\/p>\n<p>Mnoho v\u011bdc\u016f o\u010dek\u00e1v\u00e1, \u017ee zde virus SARS-CoV-2 z\u016fstane, ale v\u00a0pr\u016fb\u011bhu \u010dasu by mohl p\u0159edstavovat men\u0161\u00ed nebezpe\u010d\u00ed. V\u00a0r\u00e1mci pr\u016fzkumu \u010dasopisu <em>Nature<\/em> bylo dot\u00e1z\u00e1no v\u00edce ne\u017e sto zasv\u011bcen\u00fdch imunolog\u016f, infektolog\u016f a virolog\u016f na mo\u017enost jeho vym\u00fdcen\u00ed.\u00a0T\u00e9m\u011b\u0159 90 % respondent\u016f se domn\u00edv\u00e1, \u017ee tento koronavirus se stane endemick\u00fdm, co\u017e znamen\u00e1, \u017ee bude po dal\u0161\u00ed roky i nad\u00e1le cirkulovat v glob\u00e1ln\u00ed populaci.<\/p>\n<p>Vym\u00fdcen\u00ed viru SARS-CoV-2 se v\u00a0sou\u010dasn\u00e9 dob\u011b zd\u00e1 nere\u00e1ln\u00e9. To v\u0161ak neznamen\u00e1, \u017ee souvisej\u00edc\u00ed nemocnost, ob\u011bti na \u017eivotech nebo soci\u00e1ln\u00ed izolace budou pokra\u010dovat v dosavadn\u00edm m\u011b\u0159\u00edtku.\u00a0Budoucnost bude do zna\u010dn\u00e9 m\u00edry z\u00e1viset na typu imunity, kterou lid\u00e9 proti tomuto viru z\u00edskaj\u00ed prod\u011bl\u00e1n\u00edm infekce nebo o\u010dkov\u00e1n\u00edm, a na tom, jak se virus vyvine.\u00a0Viry ch\u0159ipky a \u010dty\u0159i lidsk\u00e9 koronaviry, kter\u00e9 zp\u016fsobuj\u00ed b\u011b\u017en\u00e9 nachlazen\u00ed, jsou tak\u00e9 endemick\u00e9. U ch\u0159ipky ale kombinace ka\u017edoro\u010dn\u00ed vakcinace a z\u00edskan\u00e9 imunity zajistila, \u017ee m\u00edru sez\u00f3nn\u00ed nemocnosti a smrtnosti spole\u010dnosti toleruj\u00ed, bez nutnosti lockdown\u016f, no\u0161en\u00ed respir\u00e1tor\u016f a soci\u00e1ln\u00edho distancov\u00e1n\u00ed.<\/p>\n<p>V\u00edce ne\u017e t\u0159etina respondent\u016f pr\u016fzkumu\u00a0\u010dasopisu <em>Nature<\/em> p\u0159ipou\u0161t\u00ed mo\u017enost, \u017ee COVID-19 bude z\u00a0n\u011bkter\u00fdch zem\u00ed eliminov\u00e1n, ale s\u00a0pokra\u010duj\u00edc\u00edm (a mo\u017en\u00e1 sez\u00f3nn\u00edm) rizikem op\u011btovn\u00e9ho zavle\u010den\u00ed z\u00a0m\u00edst, kde pokryt\u00ed vakc\u00ednami a opat\u0159en\u00ed v oblasti ve\u0159ejn\u00e9ho zdrav\u00ed budou nedostate\u010dn\u00e1. Pokud by byla v\u011bt\u0161ina lid\u00ed o\u010dkov\u00e1na, mohlo by b\u00fdt nov\u00e9 \u0161\u00ed\u0159en\u00ed zvl\u00e1dnuto d\u00edky kolektivn\u00ed imunit\u011b. Je pravd\u011bpodobn\u00e9, \u017ee se virus SARS-CoV-2 stane endemick\u00fdm, ale je t\u011b\u017ek\u00e9 p\u0159edpov\u011bd\u011bt vzorec jeho budouc\u00edho chov\u00e1n\u00ed, kter\u00fd bude p\u0159etrv\u00e1vat.<\/p>\n<p>&nbsp;<\/p>\n<p><strong>Virus d\u011btsk\u00e9ho v\u011bku<\/strong><\/p>\n<p>Jedn\u00edm z\u00a0v\u011bdci p\u0159edpokl\u00e1dan\u00fdch sc\u00e9n\u00e1\u0159\u016f v\u00fdvoje pro SARS-CoV-2 je, \u017ee se stane virem d\u011btsk\u00e9ho v\u011bku. Virus se bude v\u00a0populaci dr\u017eet, ale jakmile si na n\u011bj lid\u00e9 vytvo\u0159\u00ed imunitu (bu\u010f p\u0159irozenou infekc\u00ed, nebo o\u010dkov\u00e1n\u00edm), nebudou posti\u017eeni v\u00e1\u017en\u00fdmi p\u0159\u00edznaky.\u00a0Virus by se mohl st\u00e1t nep\u0159\u00edtelem, s n\u00edm\u017e se poprv\u00e9 setk\u00e1me v ran\u00e9m d\u011btstv\u00ed, kdy m\u016f\u017ee zp\u016fsobit m\u00edrnou nebo asymptomatickou infekci.<\/p>\n<p>V\u011bdci tento sc\u00e9n\u00e1\u0159 pova\u017euj\u00ed za mo\u017en\u00fd, proto\u017ee tak se chovaj\u00ed i \u010dty\u0159i zn\u00e1m\u00e9 endemick\u00e9 koronaviry (OC43, 229E, NL63 a HKU1).\u00a0Nejm\u00e9n\u011b t\u0159i z t\u011bchto vir\u016f cirkuluj\u00ed v lidsk\u00e9 populaci pravd\u011bpodobn\u011b stovky let, dva z nich jsou zodpov\u011bdn\u00e9 za zhruba 15 % respira\u010dn\u00edch infekc\u00ed.\u00a0Byl vyvinut model, kter\u00fd ukazuje, jak v\u011bt\u0161ina d\u011bt\u00ed p\u0159ijde s\u00a0t\u011bmito viry do kontaktu p\u0159ed 6. rokem \u017eivota a vytvo\u0159\u00ed si v\u016f\u010di nim imunitu. Tato obrana v\u0161ak celkem rychle sl\u00e1bne, tak\u017ee nesta\u010d\u00ed zcela zabr\u00e1nit reinfekci, nicm\u00e9n\u011b m\u016f\u017ee omezit propuknut\u00ed onemocn\u011bn\u00ed \u010di zajistit jeho m\u00edrn\u011bj\u0161\u00ed pr\u016fb\u011bh u d\u011bt\u00ed i dosp\u011bl\u00fdch.<\/p>\n<p>Zda se imunita v\u016f\u010di SARS-CoV-2 bude chovat stejn\u00fdm zp\u016fsobem, je zat\u00edm nejasn\u00e9.\u00a0Velk\u00e1 studie zahrnuj\u00edc\u00ed lidi, kte\u0159\u00ed m\u011bli COVID-19, nazna\u010duje, \u017ee jejich hladiny neutraliza\u010dn\u00edch protil\u00e1tek, kter\u00e9 pom\u00e1haj\u00ed blokovat reinfekci, za\u010dnou klesat p\u0159ibli\u017en\u011b po \u0161esti a\u017e osmi m\u011bs\u00edc\u00edch.\u00a0Jejich organismus ale tak\u00e9 vytv\u00e1\u0159\u00ed pam\u011b\u0165ov\u00e9 B-lymfocyty, kter\u00e9 p\u0159i reinfekci mohou produkovat protil\u00e1tky, a\u00a0T-lymfocyty, kter\u00e9 mohou eliminovat bu\u0148ky infikovan\u00e9 virem.<\/p>\n<p>V sou\u010dasnosti je sledov\u00e1no, zda p\u0159etrv\u00e1v\u00e1 imunitn\u00ed pam\u011b\u0165 lid\u00ed infikovan\u00fdch COVID-19.\u00a0Pokud by u\u00a0v\u011bt\u0161iny lid\u00ed vznikla celo\u017eivotn\u00ed imunita proti viru, a to bu\u010f p\u0159irozenou infekc\u00ed, nebo o\u010dkov\u00e1n\u00edm, pak by se virus pravd\u011bpodobn\u011b nestal endemick\u00fdm.\u00a0Imunita v\u0161ak m\u016f\u017ee po roce nebo dvou ub\u00fdvat a\u00a0ji\u017e\u00a0existuj\u00ed n\u00e1znaky, \u017ee se virus m\u016f\u017ee vyvinout tak, aby imunitn\u00edmu syst\u00e9mu unikl.\u00a0V\u00edce ne\u017e polovina v\u011bdc\u016f, kte\u0159\u00ed se zapojili do\u00a0pr\u016fzkumu\u00a0\u010dasopisu <em>Nature<\/em>,\u00a0si mysl\u00ed, \u017ee oslaben\u00ed imunity bude jednou z\u00a0hlavn\u00edch p\u0159\u00ed\u010din endemick\u00e9ho \u0161\u00ed\u0159en\u00ed viru. V endemick\u00e9 f\u00e1zi se po\u010det infekc\u00ed v pr\u016fb\u011bhu let st\u00e1v\u00e1 relativn\u011b konstantn\u00ed, co\u017e umo\u017e\u0148uje ob\u010dasn\u00e9 vzplanut\u00ed. Dosa\u017een\u00ed tohoto ust\u00e1len\u00e9ho stavu m\u016f\u017ee trvat n\u011bkolik let nebo desetilet\u00ed v z\u00e1vislosti na tom, jak rychle si populace vytvo\u0159\u00ed imunitu. Nejrychlej\u0161\u00ed zp\u016fsob, jak se do tohoto bodu dostat, by bylo umo\u017enit nekontrolovan\u00e9 \u0161\u00ed\u0159en\u00ed viru, co\u017e by ov\u0161em vedlo k mnoha milion\u016fm \u00famrt\u00ed. Nejp\u0159ijateln\u011bj\u0161\u00ed cestou je proto o\u010dkov\u00e1n\u00ed.<\/p>\n<p>&nbsp;<\/p>\n<p><strong>Vakc\u00edny a kolektivn\u00ed imunita<\/strong><\/p>\n<p>Zem\u011b, kter\u00e9 za\u010daly o\u010dkovat vakc\u00ednami proti COVID-19, o\u010dek\u00e1vaj\u00ed brzk\u00e9 sn\u00ed\u017een\u00ed z\u00e1va\u017en\u00fdch pr\u016fb\u011bh\u016f onemocn\u011bn\u00ed.\u00a0Bude v\u0161ak trvat d\u00e9le, ne\u017e se uk\u00e1\u017ee, jak \u00fa\u010dinn\u011b mohou vakc\u00edny sn\u00ed\u017eit p\u0159enos viru.\u00a0\u00dadaje z\u00a0klinick\u00fdch studi\u00ed nazna\u010duj\u00ed, \u017ee vakc\u00edny, kter\u00e9 zabra\u0148uj\u00ed symptomatick\u00e9 infekci, mohou tak\u00e9 zabr\u00e1nit o\u010dkovan\u00e9 osob\u011b v p\u0159enosu viru.<\/p>\n<p>Pokud vakc\u00edny blokuj\u00ed p\u0159enos (a pokud z\u016fstanou \u00fa\u010dinn\u00e9 proti nov\u011bj\u0161\u00edm variant\u00e1m viru), je mo\u017en\u00e9 virus eliminovat v oblastech, kde je nao\u010dkov\u00e1no dostate\u010dn\u00e9 mno\u017estv\u00ed lid\u00ed. O\u010dkovan\u00ed lid\u00e9 pak chr\u00e1n\u00ed neo\u010dkovan\u00e9, co\u017e p\u0159isp\u00edv\u00e1 ke kolektivn\u00ed imunit\u011b. V p\u0159\u00edpad\u011b SARS-CoV-2 by k\u00a0dosa\u017een\u00ed do\u010dasn\u00e9 kolektivn\u00ed imunity muselo b\u00fdt vakc\u00ednou s\u00a090 % \u00fa\u010dinnost\u00ed proti p\u0159enosu nao\u010dkov\u00e1no alespo\u0148 55 % populace. Z\u00e1rove\u0148 by musela z\u016fstat v platnosti n\u011bkter\u00e1 soci\u00e1ln\u00ed distan\u010dn\u00ed opat\u0159en\u00ed (no\u0161en\u00ed respir\u00e1tor\u016f, pr\u00e1ce z\u00a0domova). \u00a0K dosa\u017een\u00ed dostate\u010dn\u00e9 kolektivn\u00ed imunity bez pomoci t\u011bchto opat\u0159en\u00ed by bylo t\u0159eba t\u00e9m\u011b\u0159 67 % proo\u010dkovanosti. Pokud se v\u0161ak rychlost p\u0159enosu zv\u00fd\u0161\u00ed kv\u016fli nov\u00e9 variant\u011b nebo pokud vakc\u00edna zamez\u00ed p\u0159enosu na m\u00e9n\u011b ne\u017e 90 %, pro sn\u00ed\u017een\u00ed cirkulace viru bude nutn\u00e9 o\u010dkovat v\u011bt\u0161\u00ed procento lid\u00ed.<\/p>\n<p>I kdy\u017e bude virus v mnoha regionech endemick\u00fd, sv\u011btov\u00fd turistick\u00fd ruch se pravd\u011bpodobn\u011b obnov\u00ed, pokud se z\u00e1va\u017en\u00e9 infekce sn\u00ed\u017e\u00ed na \u00farove\u0148, se kterou se zdravotnick\u00e9 slu\u017eby dok\u00e1\u017eou vyrovnat.<\/p>\n<p>&nbsp;<\/p>\n<p><strong>Podobn\u011b jako ch\u0159ipka?<\/strong><\/p>\n<p>Pandemie ch\u0159ipky z roku 1918, p\u0159i kter\u00e9 zem\u0159elo v\u00edce ne\u017e 50 milion\u016f lid\u00ed, je m\u011b\u0159\u00edtkem, kter\u00fdm se pom\u011b\u0159uj\u00ed v\u0161echny ostatn\u00ed pandemie. Tato pandemie byla odstartov\u00e1na typem viru zn\u00e1m\u00fdm jako ch\u0159ipka A, kter\u00fd se p\u0159enesl na \u010dlov\u011bka od pt\u00e1k\u016f.\u00a0T\u00e9m\u011b\u0159 v\u0161echny p\u0159\u00edpady ch\u0159ipky A od t\u00e9 doby a\u00a0v\u0161echny n\u00e1sledn\u00e9 pandemie ch\u0159ipky byly zp\u016fsobeny potomky viru z roku 1918.\u00a0Tito potomci ob\u00edhaj\u00ed po cel\u00e9m sv\u011bt\u011b a ka\u017ed\u00fd rok infikuj\u00ed miliony lid\u00ed.\u00a0Ch\u0159ipkov\u00e9 pandemie se vyskytuj\u00ed, kdy\u017e nejsou populace v\u016f\u010di viru imunn\u00ed. V dob\u011b, kdy se pandemick\u00fd virus stane sez\u00f3nn\u00edm, m\u00e1 ji\u017e velk\u00e1 \u010d\u00e1st populace v\u016f\u010di n\u011bmu ur\u010ditou imunitu.\u00a0Sez\u00f3nn\u00ed ch\u0159ipka si vyb\u00edr\u00e1 po cel\u00e9m sv\u011bt\u011b st\u00e1le zna\u010dnou da\u0148 a\u00a0ro\u010dn\u011b si vy\u017e\u00e1d\u00e1 zhruba 650 000 \u017eivot\u016f.<\/p>\n<p>SARS-CoV-2 by se mohl ub\u00edrat podobn\u00fdm sm\u011brem. Je mo\u017en\u00e9, \u017ee se COVID-19 stane m\u00e9n\u011b z\u00e1va\u017en\u00fdm probl\u00e9mem srovnateln\u00fdm s\u00a0b\u011b\u017enou ch\u0159ipkou. Zd\u00e1 se, \u017ee virus ch\u0159ipky se vyv\u00edj\u00ed mnohem rychleji ne\u017e SARS-CoV-2, proto se mu da\u0159\u00ed proklouz\u00e1vat p\u0159es obranu imunitn\u00edho syst\u00e9mu a je t\u0159eba ka\u017ed\u00fd rok vakc\u00edny proti ch\u0159ipce p\u0159eformulovat. U SARS-CoV-2 by to tak b\u00fdt nemuselo. Nicm\u00e9n\u011b v\u00edce ne\u017e 70 % respondent\u016f z pr\u016fzkumu\u00a0<em>Nature<\/em>\u00a0si mysl\u00ed, \u017ee \u00fanik viru imunitn\u00edmu syst\u00e9mu bude hnac\u00edm motorem pokra\u010duj\u00edc\u00ed cirkulace viru.<\/p>\n<p>&nbsp;<\/p>\n<p><strong>Virus podobn\u00fd spalni\u010dk\u00e1m<\/strong><\/p>\n<p>Pokud vakc\u00edny proti SARS-CoV-2 celo\u017eivotn\u011b zamez\u00ed infekci a jej\u00edmu p\u0159enosu, m\u016f\u017ee se situace vyvinout jako u viru spalni\u010dek, i kdy\u017e je to m\u00e9n\u011b pravd\u011bpodobn\u00e9 ne\u017e jin\u00e9 sc\u00e9n\u00e1\u0159e.<\/p>\n<p>D\u00edky vysoce \u00fa\u010dinn\u00e9 vakc\u00edn\u011b proti spalni\u010dk\u00e1m a dv\u011bma d\u00e1vk\u00e1m je \u010dlov\u011bk chr\u00e1n\u011bn na cel\u00fd \u017eivot a virus spalni\u010dek byl eliminov\u00e1n v mnoha \u010d\u00e1stech sv\u011bta.\u00a0Do doby, ne\u017e byla v roce 1963 vyvinuta vakc\u00edna, zabily hlavn\u00ed epidemie ro\u010dn\u011b asi 2,6 milion\u016f lid\u00ed, v\u011bt\u0161inou d\u011bt\u00ed.\u00a0Na rozd\u00edl od vakc\u00edn proti ch\u0159ipce nebylo nikdy nutn\u00e9 imunizaci proti spalni\u010dk\u00e1m aktualizovat, proto\u017ee virus je\u0161t\u011b nevyvinul mechanismy, jak uniknout imunitn\u00edmu syst\u00e9mu.<\/p>\n<p>Spalni\u010dky jsou st\u00e1le endemick\u00e9 v \u010d\u00e1stech sv\u011bta s nedostate\u010dnou imunizac\u00ed.\u00a0V roce 2018\u00a0celosv\u011btov\u00e9 op\u011btovn\u00e9 propuknut\u00ed zabilo v\u00edce ne\u017e 140\u00a0000 lid\u00ed. Podobn\u00e1 situace by mohla nastat i u SARS-CoV-2, pokud by lid\u00e9 odm\u00edtali vakc\u00edny.\u00a0Pr\u016fzkum mezi v\u00edce ne\u017e 1 600 Ameri\u010dany zjistil, \u017ee v\u00edce ne\u017e \u010dtvrtina by ur\u010dit\u011b nebo pravd\u011bpodobn\u011b odm\u00edtla vakc\u00ednu proti COVID-19, i kdyby byla bezplatn\u00e1 a pova\u017eovan\u00e1 za bezpe\u010dnou. Jak se vypo\u0159\u00e1d\u00e1me s\u00a0t\u011bmito postoji a obavami bude ur\u010dovat, kolik lid\u00ed bude chr\u00e1n\u011bn\u00fdch vakc\u00ednou a kolik z\u016fstane bez ochrany, tedy n\u00e1chyln\u00fdch k infekci.<\/p>\n<p>&nbsp;<\/p>\n<p><strong>Zv\u00ed\u0159ec\u00ed rezervo\u00e1r <\/strong><\/p>\n<p>Budoucnost SARS-CoV-2 bude tak\u00e9 z\u00e1viset na tom, zda se virus ulo\u017e\u00ed v populaci divok\u00fdch zv\u00ed\u0159at.\u00a0N\u011bkolik nemoc\u00ed, kter\u00e9 se dostaly pod kontrolu, p\u0159etrv\u00e1v\u00e1, proto\u017ee \u017eivo\u010di\u0161n\u00e9 rezervo\u00e1ry, jako je hmyz, umo\u017e\u0148uj\u00ed, aby se patogeny znovu p\u0159enesly na lidi.\u00a0Pat\u0159\u00ed mezi n\u011b \u017elut\u00e1 zimnice, ebola a\u00a0chikungunya virus.<\/p>\n<p>SARS-CoV-2 pravd\u011bpodobn\u011b poch\u00e1z\u00ed od netop\u00fdr\u016f, ale mohl se dostat k lidem prost\u0159ednictv\u00edm jin\u00e9ho hostitele.\u00a0Virus m\u016f\u017ee snadno infikovat mnoho zv\u00ed\u0159at, v\u010detn\u011b ko\u010dek, kr\u00e1l\u00edk\u016f a k\u0159e\u010dk\u016f.\u00a0Je obzvl\u00e1\u0161t\u011b infek\u010dn\u00ed pro norky a hromadn\u00e1 propuknut\u00ed infekce na norkov\u00fdch farm\u00e1ch v D\u00e1nsku a Nizozemsku vedla k obrovsk\u00fdm por\u00e1\u017ek\u00e1m zv\u00ed\u0159at.\u00a0Pokud by se virus usadil v populaci divok\u00fdch zv\u00ed\u0159at a mohl by se p\u0159en\u00e1\u0161et zp\u011bt na lidi, bylo by velmi obt\u00ed\u017en\u00e9 jej kontrolovat.<\/p>\n<p>Cestu, jak by se virus SARS-CoV-2 mohl st\u00e1t endemick\u00fdm, je t\u011b\u017ek\u00e9 p\u0159edv\u00eddat, ale spole\u010dnost se sna\u017e\u00ed nad n\u00edm m\u00edt ur\u010ditou kontrolu.\u00a0Pokud by zem\u011b polevily ve strategi\u00edch sni\u017eov\u00e1n\u00ed \u0161\u00ed\u0159en\u00ed viru a nechaly ho nekontrolovan\u011b vl\u00e1dnout, pak by \u201enejtemn\u011bj\u0161\u00ed dny pandemie\u201c byly je\u0161t\u011b p\u0159ed n\u00e1mi.<\/p>\n<p>&nbsp;<\/p>\n<p>Pou\u017eit\u00e9 zdroje:<\/p>\n<p><a href=\"https:\/\/www.nature.com\/articles\/d41586-021-00396-2\">https:\/\/www.nature.com\/articles\/d41586-021-00396-2<\/a><\/p>\n<p>&nbsp;<\/p>\n<p>RNDr. Martina \u0160indelkov\u00e1<\/p>\n<p>25. 2. 2021<\/p>\n<p>&nbsp;<\/p>\n","protected":false},"excerpt":{"rendered":"<p>V\u00a0sou\u010dasn\u00e9 dob\u011b jsou uplat\u0148ov\u00e1ny nejr\u016fzn\u011bj\u0161\u00ed strategie v\u00a0boji proti koronaviru SARS-CoV-2, kter\u00fd zp\u016fsobuje onemocn\u011bn\u00ed COVID-19. M\u016f\u017ee [&hellip;]<\/p>\n","protected":false},"author":7,"featured_media":0,"comment_status":"closed","ping_status":"closed","sticky":false,"template":"","format":"image","meta":{"_uag_custom_page_level_css":""},"categories":[1],"tags":[],"uagb_featured_image_src":{"full":false,"thumbnail":false,"medium":false,"medium_large":false,"large":false,"1536x1536":false,"2048x2048":false,"boldthemes_grid":false,"boldthemes_grid_11":false,"boldthemes_grid_22":false,"boldthemes_grid_21":false,"boldthemes_grid_12":false,"boldthemes_latest_posts":false,"boldthemes_grid_gallery":false},"uagb_author_info":{"display_name":"Jbednar","author_link":"https:\/\/www.mc-praha.cz\/mcp\/author\/jbednar\/"},"uagb_comment_info":0,"uagb_excerpt":"V\u00a0sou\u010dasn\u00e9 dob\u011b jsou uplat\u0148ov\u00e1ny nejr\u016fzn\u011bj\u0161\u00ed strategie v\u00a0boji proti koronaviru SARS-CoV-2, kter\u00fd zp\u016fsobuje onemocn\u011bn\u00ed COVID-19. M\u016f\u017ee [&hellip;]","post_mailing_queue_ids":[],"_links":{"self":[{"href":"https:\/\/www.mc-praha.cz\/mcp\/wp-json\/wp\/v2\/posts\/3830"}],"collection":[{"href":"https:\/\/www.mc-praha.cz\/mcp\/wp-json\/wp\/v2\/posts"}],"about":[{"href":"https:\/\/www.mc-praha.cz\/mcp\/wp-json\/wp\/v2\/types\/post"}],"author":[{"embeddable":true,"href":"https:\/\/www.mc-praha.cz\/mcp\/wp-json\/wp\/v2\/users\/7"}],"replies":[{"embeddable":true,"href":"https:\/\/www.mc-praha.cz\/mcp\/wp-json\/wp\/v2\/comments?post=3830"}],"version-history":[{"count":4,"href":"https:\/\/www.mc-praha.cz\/mcp\/wp-json\/wp\/v2\/posts\/3830\/revisions"}],"predecessor-version":[{"id":3841,"href":"https:\/\/www.mc-praha.cz\/mcp\/wp-json\/wp\/v2\/posts\/3830\/revisions\/3841"}],"wp:attachment":[{"href":"https:\/\/www.mc-praha.cz\/mcp\/wp-json\/wp\/v2\/media?parent=3830"}],"wp:term":[{"taxonomy":"category","embeddable":true,"href":"https:\/\/www.mc-praha.cz\/mcp\/wp-json\/wp\/v2\/categories?post=3830"},{"taxonomy":"post_tag","embeddable":true,"href":"https:\/\/www.mc-praha.cz\/mcp\/wp-json\/wp\/v2\/tags?post=3830"}],"curies":[{"name":"wp","href":"https:\/\/api.w.org\/{rel}","templated":true}]}}